{"id":608,"date":"2024-04-29T18:14:30","date_gmt":"2024-04-29T18:14:30","guid":{"rendered":"https:\/\/www.akaritatsu.at\/?p=608"},"modified":"2024-04-29T18:18:04","modified_gmt":"2024-04-29T18:18:04","slug":"auftakt-zur-meisterschafts-saison","status":"publish","type":"post","link":"https:\/\/www.akaritatsu.at\/index.php\/2024\/04\/29\/auftakt-zur-meisterschafts-saison\/","title":{"rendered":"Auftakt zur Meisterschafts-Saison"},"content":{"rendered":"<p>[et_pb_section fb_built=&#8221;1&#8243; fullwidth=&#8221;on&#8221; _builder_version=&#8221;4.10.4&#8243; _module_preset=&#8221;default&#8221; global_colors_info=&#8221;{}&#8221;][et_pb_fullwidth_image src=&#8221;https:\/\/www.akaritatsu.at\/wp-content\/uploads\/2024\/04\/20240427_1237241-scaled.jpg&#8221; title_text=&#8221;20240427_1237241&#8243; _builder_version=&#8221;4.10.4&#8243; _module_preset=&#8221;default&#8221; global_colors_info=&#8221;{}&#8221;][\/et_pb_fullwidth_image][\/et_pb_section][et_pb_section fb_built=&#8221;1&#8243; _builder_version=&#8221;4.10.4&#8243; _module_preset=&#8221;default&#8221; global_colors_info=&#8221;{}&#8221;][et_pb_row _builder_version=&#8221;4.10.4&#8243; _module_preset=&#8221;default&#8221; global_colors_info=&#8221;{}&#8221;][et_pb_column type=&#8221;4_4&#8243; _builder_version=&#8221;4.10.4&#8243; _module_preset=&#8221;default&#8221; global_colors_info=&#8221;{}&#8221;][et_pb_text _builder_version=&#8221;4.10.4&#8243; _module_preset=&#8221;default&#8221; hover_enabled=&#8221;0&#8243; global_colors_info=&#8221;{}&#8221; sticky_enabled=&#8221;0&#8243;]<\/p>\n<h1>Auftakt zur Meisterschafts-Saison 2024<\/h1>\n<p>Nach langer Meisterschaftspause ging es die letzten beiden Wochen Schlag auf Schlag und mit der Wiener Landesmeisterschaft 2024 und den 15. \u00d6sterreichischen Goju Ryu Meisterschaften in F\u00fcrstenfeld standen gleich zwei wichtige Bewerbe f\u00fcr unsere Karateka vor der T\u00fcre. Mit einer jeweils kleinen aber feinen Delegation machten auch wir uns auf zu den Bewerben.<\/p>\n<p>[\/et_pb_text][\/et_pb_column][\/et_pb_row][et_pb_row column_structure=&#8221;3_5,2_5&#8243; _builder_version=&#8221;4.10.4&#8243; _module_preset=&#8221;default&#8221; global_colors_info=&#8221;{}&#8221;][et_pb_column type=&#8221;3_5&#8243; _builder_version=&#8221;4.10.4&#8243; _module_preset=&#8221;default&#8221; global_colors_info=&#8221;{}&#8221;][et_pb_text _builder_version=&#8221;4.10.4&#8243; _module_preset=&#8221;default&#8221; global_colors_info=&#8221;{}&#8221;]<\/p>\n<h2>Wiener Landesmeisterschaft<\/h2>\n<p>Am 20. April ging es f\u00fcr Julius, Valerie, Mia, Ronnie, Werner, Karin und Irina zur Wiener Landesmeisterschaft. Mit 19 Vereinen, 526 Nennungen und 272 Teilnehmer:innen gab es sogar einen neuen Teilnehmerrekord. Unser Fokus in diesem Jahr lag auf den Kata und Kata-Bunkai Bewerben.<\/p>\n<p>Besonders die Kategorie von Julius war mit einem Starterfeld von 22 Teilnehmern hart umk\u00e4mpft, wodurch es dieses Mal leider nicht f\u00fcr eine Medaille reichte. Auch Valerie, Mia und Irina konnten trotz toller Kata-Leistungen ihre Runden leider nicht f\u00fcr sich entscheiden.<\/p>\n<p>Anders lief es f\u00fcr Karin, die sich genauso wie Werner im Kata Einzelbewerb die Bronze Medaille sicherte. Die Kr\u00f6nung des Tages war die Silber-Medaille f\u00fcr Ronnie und Werner mit ihrer Sanseiru-Bunkai im Kata-Bunkai Bewerb.<\/p>\n<p>[\/et_pb_text][\/et_pb_column][et_pb_column type=&#8221;2_5&#8243; _builder_version=&#8221;4.10.4&#8243; _module_preset=&#8221;default&#8221; global_colors_info=&#8221;{}&#8221;][et_pb_image src=&#8221;https:\/\/www.akaritatsu.at\/wp-content\/uploads\/2024\/04\/PXL_20240420_0656_Eroffnung.MP_-scaled.jpg&#8221; title_text=&#8221;PXL_20240420_0656_Er\u00f6ffnung.MP&#8221; _builder_version=&#8221;4.10.4&#8243; _module_preset=&#8221;default&#8221; global_colors_info=&#8221;{}&#8221;][\/et_pb_image][\/et_pb_column][\/et_pb_row][et_pb_row column_structure=&#8221;2_5,3_5&#8243; _builder_version=&#8221;4.10.4&#8243; _module_preset=&#8221;default&#8221; global_colors_info=&#8221;{}&#8221;][et_pb_column type=&#8221;2_5&#8243; _builder_version=&#8221;4.10.4&#8243; _module_preset=&#8221;default&#8221; global_colors_info=&#8221;{}&#8221;][et_pb_image src=&#8221;https:\/\/www.akaritatsu.at\/wp-content\/uploads\/2024\/04\/20240420_113450-scaled.jpg&#8221; title_text=&#8221;20240420_113450&#8243; _builder_version=&#8221;4.10.4&#8243; _module_preset=&#8221;default&#8221; global_colors_info=&#8221;{}&#8221;][\/et_pb_image][\/et_pb_column][et_pb_column type=&#8221;3_5&#8243; _builder_version=&#8221;4.10.4&#8243; _module_preset=&#8221;default&#8221; global_colors_info=&#8221;{}&#8221;][et_pb_text _builder_version=&#8221;4.10.4&#8243; _module_preset=&#8221;default&#8221; global_colors_info=&#8221;{}&#8221;]<\/p>\n<h3>Medaillen<\/h3>\n<ul>\n<li>Ronnie &amp; Werner: Silber (Kata Bunkai)<\/li>\n<li>Karin: Bronze (Kata Individual Female Seniors +35)<\/li>\n<li>Werner: Bronze (Kata Individual Male Seniors +35)<\/li>\n<\/ul>\n<p>Einziger Wermutstropfen war, dass trotz Teilnehmerrekord der Kata Team Female U16 Bewerb dieses Jahr leider nicht zustande gekommen ist und somit unser M\u00e4dels-Team keine Chance auf die Titelverteidigung hatte.<\/p>\n<p>[\/et_pb_text][\/et_pb_column][\/et_pb_row][et_pb_row _builder_version=&#8221;4.10.4&#8243; _module_preset=&#8221;default&#8221; global_colors_info=&#8221;{}&#8221;][et_pb_column type=&#8221;4_4&#8243; _builder_version=&#8221;4.10.4&#8243; _module_preset=&#8221;default&#8221; global_colors_info=&#8221;{}&#8221;][et_pb_text _builder_version=&#8221;4.10.4&#8243; _module_preset=&#8221;default&#8221; global_colors_info=&#8221;{}&#8221; custom_padding=&#8221;||2px|||&#8221;]<\/p>\n<h2>15. \u00d6sterreichischen Goju Ryu Meisterschaften<\/h2>\n<p>Gleich eine Woche sp\u00e4ter ging es bereits weiter nach F\u00fcrstenfeld, wo die \u00d6sterreichischen Goju Ryu Meisterschaften warteten. Das Besondere: bei dieser Meisterschaft trifft man auf Goju Ryu Vereine aus ganz \u00d6sterreich und kann sich so auch \u00fcber die Landesverbandsgrenzen hinweg messen.<\/p>\n<p>Karin, Mia, David und Irina stellten sich der Herausforderung, wobei David sein R\u00fcckkehr-Deb\u00fct nach \u00fcber 1 Jahr Pause gab. Leider konnten sich David und Irina in den Einzelbewerben im Kampf um Bronze nicht durchsetzen. Karin konnte sich mit ihrer Seipai-Kata den zweiten Platz in der Kategorie Kata Grand Masters weiblich sichern und auch Mia erk\u00e4mpfte sich sehr verdient die Silbermedaille und musste sich nur einer Sportlerin aus dem Nationalkader geschlagen geben.<\/p>\n<p>Zum Abschluss stand noch der Kata Team Mixed Bewerb an, dem sich Karin, Irina und David heroisch stellten &#8211; die Gegner:innen waren n\u00e4mlich ebenfalls im Nationalkader. Chancenlos, aufgrund der herausragenden Leistung der Gegner:innen, aber dennoch mit unserer Leistung zufrieden, wurde auch dieses Antreten mit einer Silbermedaille belohnt. Insgesamt wurde der Ausflug nach F\u00fcrstenfeld somit 5x versilbert und die Reise hat sich alleine f\u00fcr die gesammelte Wettkampferfahrung voll ausgezahlt.<\/p>\n<p>[\/et_pb_text][\/et_pb_column][\/et_pb_row][et_pb_row column_structure=&#8221;1_3,1_3,1_3&#8243; _builder_version=&#8221;4.10.4&#8243; _module_preset=&#8221;default&#8221; global_colors_info=&#8221;{}&#8221;][et_pb_column type=&#8221;1_3&#8243; _builder_version=&#8221;4.10.4&#8243; _module_preset=&#8221;default&#8221; global_colors_info=&#8221;{}&#8221;][et_pb_image src=&#8221;https:\/\/www.akaritatsu.at\/wp-content\/uploads\/2024\/04\/20240427_123438-scaled.jpg&#8221; title_text=&#8221;20240427_123438&#8243; _builder_version=&#8221;4.10.4&#8243; _module_preset=&#8221;default&#8221; global_colors_info=&#8221;{}&#8221;][\/et_pb_image][\/et_pb_column][et_pb_column type=&#8221;1_3&#8243; _builder_version=&#8221;4.10.4&#8243; _module_preset=&#8221;default&#8221; global_colors_info=&#8221;{}&#8221;][et_pb_image src=&#8221;https:\/\/www.akaritatsu.at\/wp-content\/uploads\/2024\/04\/20240427_122754-scaled.jpg&#8221; title_text=&#8221;20240427_122754&#8243; _builder_version=&#8221;4.10.4&#8243; _module_preset=&#8221;default&#8221; global_colors_info=&#8221;{}&#8221;][\/et_pb_image][\/et_pb_column][et_pb_column type=&#8221;1_3&#8243; _builder_version=&#8221;4.10.4&#8243; _module_preset=&#8221;default&#8221; global_colors_info=&#8221;{}&#8221;][et_pb_image src=&#8221;https:\/\/www.akaritatsu.at\/wp-content\/uploads\/2024\/04\/20240427_122949-scaled.jpg&#8221; title_text=&#8221;20240427_122949&#8243; _builder_version=&#8221;4.10.4&#8243; _module_preset=&#8221;default&#8221; global_colors_info=&#8221;{}&#8221;][\/et_pb_image][\/et_pb_column][\/et_pb_row][et_pb_row _builder_version=&#8221;4.10.4&#8243; _module_preset=&#8221;default&#8221; global_colors_info=&#8221;{}&#8221;][et_pb_column type=&#8221;4_4&#8243; _builder_version=&#8221;4.10.4&#8243; _module_preset=&#8221;default&#8221; global_colors_info=&#8221;{}&#8221;][et_pb_text _builder_version=&#8221;4.10.4&#8243; _module_preset=&#8221;default&#8221; global_colors_info=&#8221;{}&#8221;]<\/p>\n<p>Wir gratulieren den Gewinner:innen der beiden Meisterschaften. Jetzt hei\u00dft es flei\u00dfig weitertrainieren und aus den Bewerben lernen. Wir freuen uns schon auf die n\u00e4chsten Bewerbe wie beispielsweise die Vienna Open im Herbst.<\/p>\n<p>[\/et_pb_text][\/et_pb_column][\/et_pb_row][\/et_pb_section]<\/p>\n","protected":false},"excerpt":{"rendered":"<p>Auftakt zur Meisterschafts-Saison 2024 Nach langer Meisterschaftspause ging es die letzten beiden Wochen Schlag auf Schlag und mit der Wiener Landesmeisterschaft 2024 und den 15. \u00d6sterreichischen Goju Ryu Meisterschaften in F\u00fcrstenfeld standen gleich zwei wichtige Bewerbe f\u00fcr unsere Karateka vor der T\u00fcre. Mit einer jeweils kleinen aber feinen Delegation machten auch wir uns auf zu [&hellip;]<\/p>\n","protected":false},"author":3,"featured_media":618,"comment_status":"closed","ping_status":"open","sticky":false,"template":"","format":"standard","meta":{"_et_pb_use_builder":"on","_et_pb_old_content":"","_et_gb_content_width":"2880","footnotes":""},"categories":[1],"tags":[],"class_list":["post-608","post","type-post","status-publish","format-standard","has-post-thumbnail","hentry","category-uncategorized"],"_links":{"self":[{"href":"https:\/\/www.akaritatsu.at\/index.php\/wp-json\/wp\/v2\/posts\/608","targetHints":{"allow":["GET"]}}],"collection":[{"href":"https:\/\/www.akaritatsu.at\/index.php\/wp-json\/wp\/v2\/posts"}],"about":[{"href":"https:\/\/www.akaritatsu.at\/index.php\/wp-json\/wp\/v2\/types\/post"}],"author":[{"embeddable":true,"href":"https:\/\/www.akaritatsu.at\/index.php\/wp-json\/wp\/v2\/users\/3"}],"replies":[{"embeddable":true,"href":"https:\/\/www.akaritatsu.at\/index.php\/wp-json\/wp\/v2\/comments?post=608"}],"version-history":[{"count":8,"href":"https:\/\/www.akaritatsu.at\/index.php\/wp-json\/wp\/v2\/posts\/608\/revisions"}],"predecessor-version":[{"id":627,"href":"https:\/\/www.akaritatsu.at\/index.php\/wp-json\/wp\/v2\/posts\/608\/revisions\/627"}],"wp:featuredmedia":[{"embeddable":true,"href":"https:\/\/www.akaritatsu.at\/index.php\/wp-json\/wp\/v2\/media\/618"}],"wp:attachment":[{"href":"https:\/\/www.akaritatsu.at\/index.php\/wp-json\/wp\/v2\/media?parent=608"}],"wp:term":[{"taxonomy":"category","embeddable":true,"href":"https:\/\/www.akaritatsu.at\/index.php\/wp-json\/wp\/v2\/categories?post=608"},{"taxonomy":"post_tag","embeddable":true,"href":"https:\/\/www.akaritatsu.at\/index.php\/wp-json\/wp\/v2\/tags?post=608"}],"curies":[{"name":"wp","href":"https:\/\/api.w.org\/{rel}","templated":true}]}}