{"id":566,"date":"2024-06-12T11:32:40","date_gmt":"2024-06-12T11:32:40","guid":{"rendered":"https:\/\/www.akaritatsu.at\/?p=566"},"modified":"2024-06-12T11:34:02","modified_gmt":"2024-06-12T11:34:02","slug":"save-the-date-karate-camp-2024","status":"publish","type":"post","link":"https:\/\/www.akaritatsu.at\/index.php\/2024\/06\/12\/save-the-date-karate-camp-2024\/","title":{"rendered":"Save the Date Karate Camp 2024"},"content":{"rendered":"<p>[et_pb_section fb_built=&#8221;1&#8243; fullwidth=&#8221;on&#8221; _builder_version=&#8221;4.10.4&#8243; _module_preset=&#8221;default&#8221; global_colors_info=&#8221;{}&#8221;][et_pb_fullwidth_image src=&#8221;https:\/\/www.akaritatsu.at\/wp-content\/uploads\/2024\/06\/Header_Camp_news2023-scaled.jpg&#8221; title_text=&#8221;Header_Camp_news2023&#8243; _builder_version=&#8221;4.10.4&#8243; _module_preset=&#8221;default&#8221; global_colors_info=&#8221;{}&#8221;][\/et_pb_fullwidth_image][\/et_pb_section][et_pb_section fb_built=&#8221;1&#8243; _builder_version=&#8221;4.10.4&#8243; _module_preset=&#8221;default&#8221; global_colors_info=&#8221;{}&#8221;][et_pb_row _builder_version=&#8221;4.10.4&#8243; _module_preset=&#8221;default&#8221; global_colors_info=&#8221;{}&#8221;][et_pb_column type=&#8221;4_4&#8243; _builder_version=&#8221;4.10.4&#8243; _module_preset=&#8221;default&#8221; global_colors_info=&#8221;{}&#8221;][et_pb_text _builder_version=&#8221;4.10.4&#8243; _module_preset=&#8221;default&#8221; global_colors_info=&#8221;{}&#8221;]<\/p>\n<div class=\"et_pb_column et_pb_column_4_4 et_pb_column_0  et_pb_css_mix_blend_mode_passthrough et-last-child\">\n<div class=\"et_pb_module et_pb_text et_pb_text_0  et_pb_text_align_left et_pb_bg_layout_light\">\n<div class=\"et_pb_text_inner\">\n<h1>Save the Date: AKARI TATSU KARATECAMP 2024<\/h1>\n<p>Es ist so weit \u2013 die Anmeldung f\u00fcr unser Karatecamp 2024 l\u00e4uft: <strong>Von 29.08.-01.09.<\/strong> findet am Hanneshof in der Flachau das <strong>AKARI TATSU Karatecamp 2024<\/strong> statt. Wir w\u00fcrden uns freuen, mit euch und euren Familien im Sommer 4 tolle Tage in der Flachau zu verbringen.<\/p>\n<\/div>\n<\/div>\n<\/div>\n<p>[\/et_pb_text][et_pb_image _builder_version=&#8221;4.10.4&#8243; _module_preset=&#8221;default&#8221; global_colors_info=&#8221;{}&#8221;][\/et_pb_image][\/et_pb_column][\/et_pb_row][et_pb_row column_structure=&#8221;2_3,1_3&#8243; _builder_version=&#8221;4.10.4&#8243; _module_preset=&#8221;default&#8221; global_colors_info=&#8221;{}&#8221;][et_pb_column type=&#8221;2_3&#8243; _builder_version=&#8221;4.10.4&#8243; _module_preset=&#8221;default&#8221; global_colors_info=&#8221;{}&#8221;][et_pb_text _builder_version=&#8221;4.10.4&#8243; _module_preset=&#8221;default&#8221; global_colors_info=&#8221;{}&#8221;]<\/p>\n<h2>Was erwartet euch?<\/h2>\n<ul>\n<li>Jede Menge <strong>Spa\u00df f\u00fcr Gro\u00df und Klein<\/strong>, dank Karate-Trainings &amp; Outdoor-Spielm\u00f6glichkeiten am Hanneshof (Trampoline, Fu\u00dfballplatz, Volleyballplatz&#8230;)<\/li>\n<li>Mindestens <strong>2 Trainings pro Tag<\/strong> &#8211; unterteilt in Trainings f\u00fcr Anf\u00e4nger, Fortgeschrittene und Erwachsene<\/li>\n<li>F\u00fcr alle Begleitpersonen und Nicht-Karateka gibt es die M\u00f6glichkeit wieder bei unseren <strong>Selbstverteidigungseinheiten<\/strong> mitzumachen<\/li>\n<li>Bei Sch\u00f6nwetter findet auch wieder der traditionelle <strong>Grillabend<\/strong> mit Lagerfeuer am Hanneshof statt<\/li>\n<li><strong>Samstag-Nachmittag ist trainingsfrei<\/strong>, so dass ihr an dem Tag mit der ganzen Familie und euren Begleitpersonen etwas in der Umgebung unternehmen k\u00f6nnt. Beliebte M\u00f6glichkeiten sind: Sommerrodelbahn, Therme, Wandern, etc.<\/li>\n<li>Ihr k\u00f6nnt flexibel am Donnerstag oder Freitag anreisen &#8211; bitte einfach bei der Anmeldung anf\u00fchren<\/li>\n<\/ul>\n<p>Anmeldeformulare gibt es bei den Trainer:innen &#8211; bitte auch dort die Anmeldungen wieder abgeben.<\/p>\n<p>Wir freuen uns auf ein tolles Karatecamp mit euch. Hier gibt es noch ein paar Impressionen unserer bisherigen Camps:<\/p>\n<p>[\/et_pb_text][\/et_pb_column][et_pb_column type=&#8221;1_3&#8243; _builder_version=&#8221;4.10.4&#8243; _module_preset=&#8221;default&#8221; global_colors_info=&#8221;{}&#8221;][et_pb_image src=&#8221;https:\/\/www.akaritatsu.at\/wp-content\/uploads\/2024\/06\/Foto-von-Irina5.jpg&#8221; title_text=&#8221;Foto von Irina(5)&#8221; _builder_version=&#8221;4.10.4&#8243; _module_preset=&#8221;default&#8221; global_colors_info=&#8221;{}&#8221;][\/et_pb_image][\/et_pb_column][\/et_pb_row][et_pb_row column_structure=&#8221;1_3,1_3,1_3&#8243; _builder_version=&#8221;4.10.4&#8243; _module_preset=&#8221;default&#8221; global_colors_info=&#8221;{}&#8221;][et_pb_column type=&#8221;1_3&#8243; _builder_version=&#8221;4.10.4&#8243; _module_preset=&#8221;default&#8221; global_colors_info=&#8221;{}&#8221;][et_pb_image src=&#8221;https:\/\/www.akaritatsu.at\/wp-content\/uploads\/2024\/06\/Foto-von-Irina.jpg&#8221; title_text=&#8221;Foto von Irina&#8221; _builder_version=&#8221;4.10.4&#8243; _module_preset=&#8221;default&#8221; global_colors_info=&#8221;{}&#8221;][\/et_pb_image][\/et_pb_column][et_pb_column type=&#8221;1_3&#8243; _builder_version=&#8221;4.10.4&#8243; _module_preset=&#8221;default&#8221; global_colors_info=&#8221;{}&#8221;][et_pb_image src=&#8221;https:\/\/www.akaritatsu.at\/wp-content\/uploads\/2024\/06\/Foto-von-Irina6.jpg&#8221; title_text=&#8221;Foto von Irina(6)&#8221; _builder_version=&#8221;4.10.4&#8243; _module_preset=&#8221;default&#8221; global_colors_info=&#8221;{}&#8221;][\/et_pb_image][\/et_pb_column][et_pb_column type=&#8221;1_3&#8243; _builder_version=&#8221;4.10.4&#8243; _module_preset=&#8221;default&#8221; global_colors_info=&#8221;{}&#8221;][et_pb_image src=&#8221;https:\/\/www.akaritatsu.at\/wp-content\/uploads\/2024\/06\/camp_wandern1.png&#8221; title_text=&#8221;camp_wandern1&#8243; _builder_version=&#8221;4.10.4&#8243; _module_preset=&#8221;default&#8221; global_colors_info=&#8221;{}&#8221;][\/et_pb_image][\/et_pb_column][\/et_pb_row][et_pb_row column_structure=&#8221;1_2,1_2&#8243; _builder_version=&#8221;4.10.4&#8243; _module_preset=&#8221;default&#8221; global_colors_info=&#8221;{}&#8221;][et_pb_column type=&#8221;1_2&#8243; _builder_version=&#8221;4.10.4&#8243; _module_preset=&#8221;default&#8221; global_colors_info=&#8221;{}&#8221;][et_pb_image src=&#8221;https:\/\/www.akaritatsu.at\/wp-content\/uploads\/2024\/06\/Foto-von-Irina4.jpg&#8221; title_text=&#8221;Foto von Irina(4)&#8221; _builder_version=&#8221;4.10.4&#8243; _module_preset=&#8221;default&#8221; global_colors_info=&#8221;{}&#8221;][\/et_pb_image][\/et_pb_column][et_pb_column type=&#8221;1_2&#8243; _builder_version=&#8221;4.10.4&#8243; _module_preset=&#8221;default&#8221; global_colors_info=&#8221;{}&#8221;][et_pb_image src=&#8221;https:\/\/www.akaritatsu.at\/wp-content\/uploads\/2024\/06\/Foto-von-Irina3.jpg&#8221; title_text=&#8221;Foto von Irina(3)&#8221; _builder_version=&#8221;4.10.4&#8243; _module_preset=&#8221;default&#8221; global_colors_info=&#8221;{}&#8221;][\/et_pb_image][\/et_pb_column][\/et_pb_row][et_pb_row _builder_version=&#8221;4.10.4&#8243; _module_preset=&#8221;default&#8221; global_colors_info=&#8221;{}&#8221;][et_pb_column type=&#8221;4_4&#8243; _builder_version=&#8221;4.10.4&#8243; _module_preset=&#8221;default&#8221; global_colors_info=&#8221;{}&#8221;][et_pb_image src=&#8221;https:\/\/www.akaritatsu.at\/wp-content\/uploads\/2024\/06\/Foto-von-Irina2.jpg&#8221; title_text=&#8221;Foto von Irina(2)&#8221; _builder_version=&#8221;4.10.4&#8243; _module_preset=&#8221;default&#8221; global_colors_info=&#8221;{}&#8221;][\/et_pb_image][\/et_pb_column][\/et_pb_row][et_pb_row _builder_version=&#8221;4.10.4&#8243; _module_preset=&#8221;default&#8221; global_colors_info=&#8221;{}&#8221;][et_pb_column type=&#8221;4_4&#8243; _builder_version=&#8221;4.10.4&#8243; _module_preset=&#8221;default&#8221; global_colors_info=&#8221;{}&#8221;][et_pb_image src=&#8221;https:\/\/www.akaritatsu.at\/wp-content\/uploads\/2024\/06\/DSC_5047-scaled.jpg&#8221; title_text=&#8221;DSC_5047&#8243; _builder_version=&#8221;4.10.4&#8243; _module_preset=&#8221;default&#8221; global_colors_info=&#8221;{}&#8221;][\/et_pb_image][\/et_pb_column][\/et_pb_row][\/et_pb_section]<\/p>\n","protected":false},"excerpt":{"rendered":"<p>Save the Date: AKARI TATSU KARATECAMP 2024 Es ist so weit \u2013 die Anmeldung f\u00fcr unser Karatecamp 2024 l\u00e4uft: Von 29.08.-01.09. findet am Hanneshof in der Flachau das AKARI TATSU Karatecamp 2024 statt. Wir w\u00fcrden uns freuen, mit euch und euren Familien im Sommer 4 tolle Tage in der Flachau zu verbringen. Was erwartet euch? [&hellip;]<\/p>\n","protected":false},"author":3,"featured_media":640,"comment_status":"closed","ping_status":"open","sticky":false,"template":"","format":"standard","meta":{"_et_pb_use_builder":"on","_et_pb_old_content":"","_et_gb_content_width":"2880","footnotes":""},"categories":[1],"tags":[],"class_list":["post-566","post","type-post","status-publish","format-standard","has-post-thumbnail","hentry","category-uncategorized"],"_links":{"self":[{"href":"https:\/\/www.akaritatsu.at\/index.php\/wp-json\/wp\/v2\/posts\/566","targetHints":{"allow":["GET"]}}],"collection":[{"href":"https:\/\/www.akaritatsu.at\/index.php\/wp-json\/wp\/v2\/posts"}],"about":[{"href":"https:\/\/www.akaritatsu.at\/index.php\/wp-json\/wp\/v2\/types\/post"}],"author":[{"embeddable":true,"href":"https:\/\/www.akaritatsu.at\/index.php\/wp-json\/wp\/v2\/users\/3"}],"replies":[{"embeddable":true,"href":"https:\/\/www.akaritatsu.at\/index.php\/wp-json\/wp\/v2\/comments?post=566"}],"version-history":[{"count":6,"href":"https:\/\/www.akaritatsu.at\/index.php\/wp-json\/wp\/v2\/posts\/566\/revisions"}],"predecessor-version":[{"id":652,"href":"https:\/\/www.akaritatsu.at\/index.php\/wp-json\/wp\/v2\/posts\/566\/revisions\/652"}],"wp:featuredmedia":[{"embeddable":true,"href":"https:\/\/www.akaritatsu.at\/index.php\/wp-json\/wp\/v2\/media\/640"}],"wp:attachment":[{"href":"https:\/\/www.akaritatsu.at\/index.php\/wp-json\/wp\/v2\/media?parent=566"}],"wp:term":[{"taxonomy":"category","embeddable":true,"href":"https:\/\/www.akaritatsu.at\/index.php\/wp-json\/wp\/v2\/categories?post=566"},{"taxonomy":"post_tag","embeddable":true,"href":"https:\/\/www.akaritatsu.at\/index.php\/wp-json\/wp\/v2\/tags?post=566"}],"curies":[{"name":"wp","href":"https:\/\/api.w.org\/{rel}","templated":true}]}}